{"id":57276,"date":"2021-06-07T10:35:52","date_gmt":"2021-06-07T08:35:52","guid":{"rendered":"https:\/\/www.gecleant.de\/blog\/prisjustering-og-sniktitt\/"},"modified":"2021-06-07T10:35:53","modified_gmt":"2021-06-07T08:35:53","slug":"prisjustering-og-sniktitt","status":"publish","type":"post","link":"https:\/\/www.gecleant.de\/no\/blogginnlegg\/prisjustering-og-sniktitt\/","title":{"rendered":"Prisjustering og sniktitt"},"content":{"rendered":"<p>Hei! Som kunngjort i forrige innlegg, endrer vi v\u00e5rt produktsortiment. <\/p>\n<p>Fra n\u00e5 av vil vi produsere alle nye propper av det m\u00f8rkere (dyrere) materialet. Dette betyr at det tidligere mulige valget &laquo;tonet&raquo; eller &laquo;standard&raquo; ikke lenger er tilgjengelig for 80% av glassviskertrekkene v\u00e5re. Den &laquo;fargede&raquo; referansen p\u00e5 emballasjen vil da bli fjernet neste gang produktemballasjen revideres.<\/p>\n<p>S\u00e5 langt var den fargede versjonen dyrere. Vi har besluttet \u00e5 heve prisen for et komplett &laquo;Wiper-Kill-Kit&raquo; (glassdeksel, rengj\u00f8ringsmiddel, lim, forsendelse) fra 30, &#8211; (32,50 tonet) til 35, &#8211; Euro. Internasjonalt koster det 37,50 euro.<\/p>\n<p>P\u00e5 dette punktet, en f\u00f8rste stor takk<strong> Marcel K.<\/strong> som fikk meg til \u00e5 tenke p\u00e5 klistremerker. S\u00e5 langt var jeg av den oppfatning at du burde fjerne viskeren fordi du vil at alt skal v\u00e6re pent ryddet og rent. Jeg fant alltid et klistremerke p\u00e5 stedet der vindusviskeren bak var tidligere som kontraproduktivt &#8211; understreker hva som faktisk er bra fordi det er borte. \ud83d\ude09 <\/p>\n<p>Uansett &#8230; etter litt ettertanke vil jeg fylle p\u00e5 noen f\u00e5 h\u00e5ndlagde klistremerker, og ideen er at vi vil legge til noen f\u00e5 insentiver til dem. Jeg vil gi Marcel noen av klistremerkene og stopperne til vennene sine (anbefalinger). Hvis den anbefalte kunden bygger proppen og installerer limet og annonserer det p\u00e5 Insta bissl, koster ikke proppen og limet ham noe. La oss se hvordan det fungerer &#8230; hvis tilbakemeldingen er god, vil jeg utvide den til andre gode kunder.<\/p>\n<p>Mer om det senere &#8230;<\/p>\n","protected":false},"excerpt":{"rendered":"<p>Hei! Som kunngjort i forrige innlegg, endrer vi v\u00e5rt produktsortiment. Fra n\u00e5 av vil vi produsere alle nye propper av det m\u00f8rkere (dyrere) materialet. Dette betyr at det tidligere mulige valget &laquo;tonet&raquo; eller &laquo;standard&raquo; ikke lenger er tilgjengelig for 80% av glassviskertrekkene v\u00e5re. Den &laquo;fargede&raquo; referansen p\u00e5 emballasjen vil da bli fjernet neste gang produktemballasjen [&hellip;]<\/p>\n","protected":false},"author":1,"featured_media":57262,"comment_status":"closed","ping_status":"open","sticky":false,"template":"","format":"standard","meta":{"footnotes":""},"categories":[440,1445,558],"tags":[],"class_list":["post-57276","post","type-post","status-publish","format-standard","has-post-thumbnail","hentry","category-blogginnlegg","category-kunngjoeringer","category-produktinformasjon-no"],"_links":{"self":[{"href":"https:\/\/www.gecleant.de\/no\/wp-json\/wp\/v2\/posts\/57276","targetHints":{"allow":["GET"]}}],"collection":[{"href":"https:\/\/www.gecleant.de\/no\/wp-json\/wp\/v2\/posts"}],"about":[{"href":"https:\/\/www.gecleant.de\/no\/wp-json\/wp\/v2\/types\/post"}],"author":[{"embeddable":true,"href":"https:\/\/www.gecleant.de\/no\/wp-json\/wp\/v2\/users\/1"}],"replies":[{"embeddable":true,"href":"https:\/\/www.gecleant.de\/no\/wp-json\/wp\/v2\/comments?post=57276"}],"version-history":[{"count":0,"href":"https:\/\/www.gecleant.de\/no\/wp-json\/wp\/v2\/posts\/57276\/revisions"}],"wp:featuredmedia":[{"embeddable":true,"href":"https:\/\/www.gecleant.de\/no\/wp-json\/wp\/v2\/media\/57262"}],"wp:attachment":[{"href":"https:\/\/www.gecleant.de\/no\/wp-json\/wp\/v2\/media?parent=57276"}],"wp:term":[{"taxonomy":"category","embeddable":true,"href":"https:\/\/www.gecleant.de\/no\/wp-json\/wp\/v2\/categories?post=57276"},{"taxonomy":"post_tag","embeddable":true,"href":"https:\/\/www.gecleant.de\/no\/wp-json\/wp\/v2\/tags?post=57276"}],"curies":[{"name":"wp","href":"https:\/\/api.w.org\/{rel}","templated":true}]}}